{"id":6005,"date":"2026-04-26T10:52:44","date_gmt":"2026-04-26T08:52:44","guid":{"rendered":"https:\/\/consultech.ro\/?p=6005"},"modified":"2026-04-26T11:41:50","modified_gmt":"2026-04-26T09:41:50","slug":"consultech-la-ifat-munich-2026-alaturi-de-partenerii-nostri-la-cel-mai-mare-targ-international-de-tehnologii-de-mediu","status":"publish","type":"post","link":"https:\/\/consultech.ro\/ro\/consultech-la-ifat-munich-2026-alaturi-de-partenerii-nostri-la-cel-mai-mare-targ-international-de-tehnologii-de-mediu\/","title":{"rendered":"Consultech\u00a0la IFAT Munich 2026 \u2013\u00a0Al\u0103turi\u00a0de\u00a0partenerii\u00a0no\u0219tri, la cel\u00a0mai\u00a0mare\u00a0t\u00e2rg\u00a0de\u00a0tehnologii\u00a0de\u00a0mediu\u00a0"},"content":{"rendered":"","protected":false},"excerpt":{"rendered":"<p>Consultech particip\u0103 la IFAT Munich 2026, cel mai important t\u00e2rg interna\u021bional de tehnologii de mediu, al\u0103turi de partenerii strategici HUBER, Flottweg, Valmet, Brentwood \u0219i Primozone. \u00cen perioada 4\u20137 mai, la Messe M\u00fcnchen, v\u0103 invit\u0103m s\u0103 ne vizita\u021bi pentru discu\u021bii aplicate \u0219i solu\u021bii personalizate pentru ap\u0103, epurare \u0219i economie circular\u0103.<\/p>\n","protected":false},"author":2,"featured_media":6025,"comment_status":"closed","ping_status":"closed","sticky":false,"template":"","format":"standard","meta":{"_acf_changed":false,"footnotes":""},"categories":[172,173],"tags":[419,245,252,421,303,239,380],"acf":[],"yoast_head":"<!-- This site is optimized with the Yoast SEO plugin v23.3 - https:\/\/yoast.com\/wordpress\/plugins\/seo\/ -->\n<title>Consultech\u00a0la IFAT Munich 2026 \u2013\u00a0Al\u0103turi\u00a0de\u00a0partenerii\u00a0no\u0219tri, la cel\u00a0mai\u00a0mare\u00a0t\u00e2rg\u00a0de\u00a0tehnologii\u00a0de\u00a0mediu\u00a0 - Consultech<\/title>\n<meta name=\"description\" content=\"Consultech particip\u0103 la IFAT Munich 2026 al\u0103turi de HUBER, Flottweg, Valmet, Brentwood \u0219i Primozone. Vizita\u021bi-ne \u00eentre 4\u20137 mai la M\u00fcnchen!\" \/>\n<meta name=\"robots\" content=\"index, follow, max-snippet:-1, max-image-preview:large, max-video-preview:-1\" \/>\n<link rel=\"canonical\" href=\"https:\/\/consultech.ro\/ro\/consultech-la-ifat-munich-2026-alaturi-de-partenerii-nostri-la-cel-mai-mare-targ-international-de-tehnologii-de-mediu\/\" \/>\n<meta property=\"og:locale\" content=\"ro_RO\" \/>\n<meta property=\"og:type\" content=\"article\" \/>\n<meta property=\"og:title\" content=\"Consultech\u00a0la IFAT Munich 2026 \u2013\u00a0Al\u0103turi\u00a0de\u00a0partenerii\u00a0no\u0219tri, la cel\u00a0mai\u00a0mare\u00a0t\u00e2rg\u00a0de\u00a0tehnologii\u00a0de\u00a0mediu\u00a0 - Consultech\" \/>\n<meta property=\"og:description\" content=\"Consultech particip\u0103 la IFAT Munich 2026 al\u0103turi de HUBER, Flottweg, Valmet, Brentwood \u0219i Primozone. Vizita\u021bi-ne \u00eentre 4\u20137 mai la M\u00fcnchen!\" \/>\n<meta property=\"og:url\" content=\"https:\/\/consultech.ro\/ro\/consultech-la-ifat-munich-2026-alaturi-de-partenerii-nostri-la-cel-mai-mare-targ-international-de-tehnologii-de-mediu\/\" \/>\n<meta property=\"og:site_name\" content=\"Consultech\" \/>\n<meta property=\"article:published_time\" content=\"2026-04-26T08:52:44+00:00\" \/>\n<meta property=\"article:modified_time\" content=\"2026-04-26T09:41:50+00:00\" \/>\n<meta property=\"og:image\" content=\"https:\/\/consultech.ro\/wp-content\/uploads\/2026\/04\/ian-kelsall-MEUvVqkU3QI-unsplash-scaled.jpg\" \/>\n\t<meta property=\"og:image:width\" content=\"2560\" \/>\n\t<meta property=\"og:image:height\" content=\"1707\" \/>\n\t<meta property=\"og:image:type\" content=\"image\/jpeg\" \/>\n<meta name=\"author\" content=\"emilia.jercan\" \/>\n<meta name=\"twitter:card\" content=\"summary_large_image\" \/>\n<meta name=\"twitter:label1\" content=\"Scris de\" \/>\n\t<meta name=\"twitter:data1\" content=\"emilia.jercan\" \/>\n\t<meta name=\"twitter:label2\" content=\"Timp estimat pentru citire\" \/>\n\t<meta name=\"twitter:data2\" content=\"1 minut\" \/>\n<script type=\"application\/ld+json\" class=\"yoast-schema-graph\">{\"@context\":\"https:\/\/schema.org\",\"@graph\":[{\"@type\":\"WebPage\",\"@id\":\"https:\/\/consultech.ro\/ro\/consultech-la-ifat-munich-2026-alaturi-de-partenerii-nostri-la-cel-mai-mare-targ-international-de-tehnologii-de-mediu\/\",\"url\":\"https:\/\/consultech.ro\/ro\/consultech-la-ifat-munich-2026-alaturi-de-partenerii-nostri-la-cel-mai-mare-targ-international-de-tehnologii-de-mediu\/\",\"name\":\"Consultech\u00a0la IFAT Munich 2026 \u2013\u00a0Al\u0103turi\u00a0de\u00a0partenerii\u00a0no\u0219tri, la cel\u00a0mai\u00a0mare\u00a0t\u00e2rg\u00a0de\u00a0tehnologii\u00a0de\u00a0mediu\u00a0 - Consultech\",\"isPartOf\":{\"@id\":\"https:\/\/consultech.ro\/#website\"},\"primaryImageOfPage\":{\"@id\":\"https:\/\/consultech.ro\/ro\/consultech-la-ifat-munich-2026-alaturi-de-partenerii-nostri-la-cel-mai-mare-targ-international-de-tehnologii-de-mediu\/#primaryimage\"},\"image\":{\"@id\":\"https:\/\/consultech.ro\/ro\/consultech-la-ifat-munich-2026-alaturi-de-partenerii-nostri-la-cel-mai-mare-targ-international-de-tehnologii-de-mediu\/#primaryimage\"},\"thumbnailUrl\":\"https:\/\/consultech.ro\/wp-content\/uploads\/2026\/04\/ian-kelsall-MEUvVqkU3QI-unsplash-scaled.jpg\",\"datePublished\":\"2026-04-26T08:52:44+00:00\",\"dateModified\":\"2026-04-26T09:41:50+00:00\",\"author\":{\"@id\":\"https:\/\/consultech.ro\/#\/schema\/person\/711fbe3e1d9c9c264891522d97c285a3\"},\"description\":\"Consultech particip\u0103 la IFAT Munich 2026 al\u0103turi de HUBER, Flottweg, Valmet, Brentwood \u0219i Primozone. Vizita\u021bi-ne \u00eentre 4\u20137 mai la M\u00fcnchen!\",\"breadcrumb\":{\"@id\":\"https:\/\/consultech.ro\/ro\/consultech-la-ifat-munich-2026-alaturi-de-partenerii-nostri-la-cel-mai-mare-targ-international-de-tehnologii-de-mediu\/#breadcrumb\"},\"inLanguage\":\"ro-RO\",\"potentialAction\":[{\"@type\":\"ReadAction\",\"target\":[\"https:\/\/consultech.ro\/ro\/consultech-la-ifat-munich-2026-alaturi-de-partenerii-nostri-la-cel-mai-mare-targ-international-de-tehnologii-de-mediu\/\"]}]},{\"@type\":\"ImageObject\",\"inLanguage\":\"ro-RO\",\"@id\":\"https:\/\/consultech.ro\/ro\/consultech-la-ifat-munich-2026-alaturi-de-partenerii-nostri-la-cel-mai-mare-targ-international-de-tehnologii-de-mediu\/#primaryimage\",\"url\":\"https:\/\/consultech.ro\/wp-content\/uploads\/2026\/04\/ian-kelsall-MEUvVqkU3QI-unsplash-scaled.jpg\",\"contentUrl\":\"https:\/\/consultech.ro\/wp-content\/uploads\/2026\/04\/ian-kelsall-MEUvVqkU3QI-unsplash-scaled.jpg\",\"width\":2560,\"height\":1707},{\"@type\":\"BreadcrumbList\",\"@id\":\"https:\/\/consultech.ro\/ro\/consultech-la-ifat-munich-2026-alaturi-de-partenerii-nostri-la-cel-mai-mare-targ-international-de-tehnologii-de-mediu\/#breadcrumb\",\"itemListElement\":[{\"@type\":\"ListItem\",\"position\":1,\"name\":\"Home\",\"item\":\"https:\/\/consultech.ro\/ro\/\"},{\"@type\":\"ListItem\",\"position\":2,\"name\":\"Consultech\u00a0la IFAT Munich 2026 \u2013\u00a0Al\u0103turi\u00a0de\u00a0partenerii\u00a0no\u0219tri, la cel\u00a0mai\u00a0mare\u00a0t\u00e2rg\u00a0de\u00a0tehnologii\u00a0de\u00a0mediu\u00a0\"}]},{\"@type\":\"WebSite\",\"@id\":\"https:\/\/consultech.ro\/#website\",\"url\":\"https:\/\/consultech.ro\/\",\"name\":\"Consultech\",\"description\":\"\",\"potentialAction\":[{\"@type\":\"SearchAction\",\"target\":{\"@type\":\"EntryPoint\",\"urlTemplate\":\"https:\/\/consultech.ro\/?s={search_term_string}\"},\"query-input\":\"required name=search_term_string\"}],\"inLanguage\":\"ro-RO\"},{\"@type\":\"Person\",\"@id\":\"https:\/\/consultech.ro\/#\/schema\/person\/711fbe3e1d9c9c264891522d97c285a3\",\"name\":\"emilia.jercan\",\"image\":{\"@type\":\"ImageObject\",\"inLanguage\":\"ro-RO\",\"@id\":\"https:\/\/consultech.ro\/#\/schema\/person\/image\/\",\"url\":\"https:\/\/secure.gravatar.com\/avatar\/fd0921475dc835cc588f58458be6689f?s=96&d=mm&r=g\",\"contentUrl\":\"https:\/\/secure.gravatar.com\/avatar\/fd0921475dc835cc588f58458be6689f?s=96&d=mm&r=g\",\"caption\":\"emilia.jercan\"},\"url\":\"https:\/\/consultech.ro\/ro\/author\/emilia-jercan\/\"}]}<\/script>\n<!-- \/ Yoast SEO plugin. -->","yoast_head_json":{"title":"Consultech\u00a0la IFAT Munich 2026 \u2013\u00a0Al\u0103turi\u00a0de\u00a0partenerii\u00a0no\u0219tri, la cel\u00a0mai\u00a0mare\u00a0t\u00e2rg\u00a0de\u00a0tehnologii\u00a0de\u00a0mediu\u00a0 - Consultech","description":"Consultech particip\u0103 la IFAT Munich 2026 al\u0103turi de HUBER, Flottweg, Valmet, Brentwood \u0219i Primozone. Vizita\u021bi-ne \u00eentre 4\u20137 mai la M\u00fcnchen!","robots":{"index":"index","follow":"follow","max-snippet":"max-snippet:-1","max-image-preview":"max-image-preview:large","max-video-preview":"max-video-preview:-1"},"canonical":"https:\/\/consultech.ro\/ro\/consultech-la-ifat-munich-2026-alaturi-de-partenerii-nostri-la-cel-mai-mare-targ-international-de-tehnologii-de-mediu\/","og_locale":"ro_RO","og_type":"article","og_title":"Consultech\u00a0la IFAT Munich 2026 \u2013\u00a0Al\u0103turi\u00a0de\u00a0partenerii\u00a0no\u0219tri, la cel\u00a0mai\u00a0mare\u00a0t\u00e2rg\u00a0de\u00a0tehnologii\u00a0de\u00a0mediu\u00a0 - Consultech","og_description":"Consultech particip\u0103 la IFAT Munich 2026 al\u0103turi de HUBER, Flottweg, Valmet, Brentwood \u0219i Primozone. Vizita\u021bi-ne \u00eentre 4\u20137 mai la M\u00fcnchen!","og_url":"https:\/\/consultech.ro\/ro\/consultech-la-ifat-munich-2026-alaturi-de-partenerii-nostri-la-cel-mai-mare-targ-international-de-tehnologii-de-mediu\/","og_site_name":"Consultech","article_published_time":"2026-04-26T08:52:44+00:00","article_modified_time":"2026-04-26T09:41:50+00:00","og_image":[{"width":2560,"height":1707,"url":"https:\/\/consultech.ro\/wp-content\/uploads\/2026\/04\/ian-kelsall-MEUvVqkU3QI-unsplash-scaled.jpg","type":"image\/jpeg"}],"author":"emilia.jercan","twitter_card":"summary_large_image","twitter_misc":{"Scris de":"emilia.jercan","Timp estimat pentru citire":"1 minut"},"schema":{"@context":"https:\/\/schema.org","@graph":[{"@type":"WebPage","@id":"https:\/\/consultech.ro\/ro\/consultech-la-ifat-munich-2026-alaturi-de-partenerii-nostri-la-cel-mai-mare-targ-international-de-tehnologii-de-mediu\/","url":"https:\/\/consultech.ro\/ro\/consultech-la-ifat-munich-2026-alaturi-de-partenerii-nostri-la-cel-mai-mare-targ-international-de-tehnologii-de-mediu\/","name":"Consultech\u00a0la IFAT Munich 2026 \u2013\u00a0Al\u0103turi\u00a0de\u00a0partenerii\u00a0no\u0219tri, la cel\u00a0mai\u00a0mare\u00a0t\u00e2rg\u00a0de\u00a0tehnologii\u00a0de\u00a0mediu\u00a0 - Consultech","isPartOf":{"@id":"https:\/\/consultech.ro\/#website"},"primaryImageOfPage":{"@id":"https:\/\/consultech.ro\/ro\/consultech-la-ifat-munich-2026-alaturi-de-partenerii-nostri-la-cel-mai-mare-targ-international-de-tehnologii-de-mediu\/#primaryimage"},"image":{"@id":"https:\/\/consultech.ro\/ro\/consultech-la-ifat-munich-2026-alaturi-de-partenerii-nostri-la-cel-mai-mare-targ-international-de-tehnologii-de-mediu\/#primaryimage"},"thumbnailUrl":"https:\/\/consultech.ro\/wp-content\/uploads\/2026\/04\/ian-kelsall-MEUvVqkU3QI-unsplash-scaled.jpg","datePublished":"2026-04-26T08:52:44+00:00","dateModified":"2026-04-26T09:41:50+00:00","author":{"@id":"https:\/\/consultech.ro\/#\/schema\/person\/711fbe3e1d9c9c264891522d97c285a3"},"description":"Consultech particip\u0103 la IFAT Munich 2026 al\u0103turi de HUBER, Flottweg, Valmet, Brentwood \u0219i Primozone. Vizita\u021bi-ne \u00eentre 4\u20137 mai la M\u00fcnchen!","breadcrumb":{"@id":"https:\/\/consultech.ro\/ro\/consultech-la-ifat-munich-2026-alaturi-de-partenerii-nostri-la-cel-mai-mare-targ-international-de-tehnologii-de-mediu\/#breadcrumb"},"inLanguage":"ro-RO","potentialAction":[{"@type":"ReadAction","target":["https:\/\/consultech.ro\/ro\/consultech-la-ifat-munich-2026-alaturi-de-partenerii-nostri-la-cel-mai-mare-targ-international-de-tehnologii-de-mediu\/"]}]},{"@type":"ImageObject","inLanguage":"ro-RO","@id":"https:\/\/consultech.ro\/ro\/consultech-la-ifat-munich-2026-alaturi-de-partenerii-nostri-la-cel-mai-mare-targ-international-de-tehnologii-de-mediu\/#primaryimage","url":"https:\/\/consultech.ro\/wp-content\/uploads\/2026\/04\/ian-kelsall-MEUvVqkU3QI-unsplash-scaled.jpg","contentUrl":"https:\/\/consultech.ro\/wp-content\/uploads\/2026\/04\/ian-kelsall-MEUvVqkU3QI-unsplash-scaled.jpg","width":2560,"height":1707},{"@type":"BreadcrumbList","@id":"https:\/\/consultech.ro\/ro\/consultech-la-ifat-munich-2026-alaturi-de-partenerii-nostri-la-cel-mai-mare-targ-international-de-tehnologii-de-mediu\/#breadcrumb","itemListElement":[{"@type":"ListItem","position":1,"name":"Home","item":"https:\/\/consultech.ro\/ro\/"},{"@type":"ListItem","position":2,"name":"Consultech\u00a0la IFAT Munich 2026 \u2013\u00a0Al\u0103turi\u00a0de\u00a0partenerii\u00a0no\u0219tri, la cel\u00a0mai\u00a0mare\u00a0t\u00e2rg\u00a0de\u00a0tehnologii\u00a0de\u00a0mediu\u00a0"}]},{"@type":"WebSite","@id":"https:\/\/consultech.ro\/#website","url":"https:\/\/consultech.ro\/","name":"Consultech","description":"","potentialAction":[{"@type":"SearchAction","target":{"@type":"EntryPoint","urlTemplate":"https:\/\/consultech.ro\/?s={search_term_string}"},"query-input":"required name=search_term_string"}],"inLanguage":"ro-RO"},{"@type":"Person","@id":"https:\/\/consultech.ro\/#\/schema\/person\/711fbe3e1d9c9c264891522d97c285a3","name":"emilia.jercan","image":{"@type":"ImageObject","inLanguage":"ro-RO","@id":"https:\/\/consultech.ro\/#\/schema\/person\/image\/","url":"https:\/\/secure.gravatar.com\/avatar\/fd0921475dc835cc588f58458be6689f?s=96&d=mm&r=g","contentUrl":"https:\/\/secure.gravatar.com\/avatar\/fd0921475dc835cc588f58458be6689f?s=96&d=mm&r=g","caption":"emilia.jercan"},"url":"https:\/\/consultech.ro\/ro\/author\/emilia-jercan\/"}]}},"_links":{"self":[{"href":"https:\/\/consultech.ro\/ro\/wp-json\/wp\/v2\/posts\/6005"}],"collection":[{"href":"https:\/\/consultech.ro\/ro\/wp-json\/wp\/v2\/posts"}],"about":[{"href":"https:\/\/consultech.ro\/ro\/wp-json\/wp\/v2\/types\/post"}],"author":[{"embeddable":true,"href":"https:\/\/consultech.ro\/ro\/wp-json\/wp\/v2\/users\/2"}],"replies":[{"embeddable":true,"href":"https:\/\/consultech.ro\/ro\/wp-json\/wp\/v2\/comments?post=6005"}],"version-history":[{"count":15,"href":"https:\/\/consultech.ro\/ro\/wp-json\/wp\/v2\/posts\/6005\/revisions"}],"predecessor-version":[{"id":6038,"href":"https:\/\/consultech.ro\/ro\/wp-json\/wp\/v2\/posts\/6005\/revisions\/6038"}],"wp:featuredmedia":[{"embeddable":true,"href":"https:\/\/consultech.ro\/ro\/wp-json\/wp\/v2\/media\/6025"}],"wp:attachment":[{"href":"https:\/\/consultech.ro\/ro\/wp-json\/wp\/v2\/media?parent=6005"}],"wp:term":[{"taxonomy":"category","embeddable":true,"href":"https:\/\/consultech.ro\/ro\/wp-json\/wp\/v2\/categories?post=6005"},{"taxonomy":"post_tag","embeddable":true,"href":"https:\/\/consultech.ro\/ro\/wp-json\/wp\/v2\/tags?post=6005"}],"curies":[{"name":"wp","href":"https:\/\/api.w.org\/{rel}","templated":true}]}}